{"id":149,"date":"2023-06-01T11:36:34","date_gmt":"2023-06-01T09:36:34","guid":{"rendered":"https:\/\/diag-mav-b-muenchen.de\/?p=149"},"modified":"2023-06-01T11:46:05","modified_gmt":"2023-06-01T09:46:05","slug":"rk-bayern-inflationsausgleichspraemie-und-weitere-verbesserungen-im-sozial-und-erziehungsdienst","status":"publish","type":"post","link":"https:\/\/diag-mav-b-muenchen.de\/?p=149","title":{"rendered":"RK Bayern: Inflationsausgleichspr\u00e4mie und weitere Verbesserungen im Sozial- und Erziehungsdienst"},"content":{"rendered":"\n<p><strong>In ihrer Sitzung am 12. Januar 2023 hat die Regionalkommission Bayern die Beschl\u00fcsse der Bundeskommission vom 8. Dezember 2022 \u00fcbernommen.<\/strong><\/p>\n\n\n\n<p>Die Regionalkommission Bayern \u00fcbernimmt damit alle in der Bundeskommission beschlossenen mittleren Werte zur Entgelth\u00f6he und zu denselben Zeitpunkten.<\/p>\n\n\n\n<p>weitere Infos:<\/p>\n\n\n\n<p><a href=\"https:\/\/www.akmas.de\/tarif\/rk-bayern-inflationsausgleichspraemie-und-weitere-verbesserungen-im-sozial-und-erziehungsdienst.html\">https:\/\/www.akmas.de\/tarif\/rk-bayern-inflationsausgleichspraemie-und-weitere-verbesserungen-im-sozial-und-erziehungsdienst.html<\/a><\/p>\n","protected":false},"excerpt":{"rendered":"<p>In ihrer Sitzung am 12. Januar 2023 hat die Regionalkommission Bayern die Beschl\u00fcsse der Bundeskommission vom 8. Dezember 2022 \u00fcbernommen. Die Regionalkommission Bayern \u00fcbernimmt damit alle<span class=\"excerpt-hellip\"> [\u2026]<\/span><\/p>\n","protected":false},"author":1,"featured_media":0,"comment_status":"closed","ping_status":"closed","sticky":false,"template":"","format":"standard","meta":{"footnotes":""},"categories":[],"tags":[],"class_list":["post-149","post","type-post","status-publish","format-standard","hentry"],"_links":{"self":[{"href":"https:\/\/diag-mav-b-muenchen.de\/index.php?rest_route=\/wp\/v2\/posts\/149","targetHints":{"allow":["GET"]}}],"collection":[{"href":"https:\/\/diag-mav-b-muenchen.de\/index.php?rest_route=\/wp\/v2\/posts"}],"about":[{"href":"https:\/\/diag-mav-b-muenchen.de\/index.php?rest_route=\/wp\/v2\/types\/post"}],"author":[{"embeddable":true,"href":"https:\/\/diag-mav-b-muenchen.de\/index.php?rest_route=\/wp\/v2\/users\/1"}],"replies":[{"embeddable":true,"href":"https:\/\/diag-mav-b-muenchen.de\/index.php?rest_route=%2Fwp%2Fv2%2Fcomments&post=149"}],"version-history":[{"count":1,"href":"https:\/\/diag-mav-b-muenchen.de\/index.php?rest_route=\/wp\/v2\/posts\/149\/revisions"}],"predecessor-version":[{"id":150,"href":"https:\/\/diag-mav-b-muenchen.de\/index.php?rest_route=\/wp\/v2\/posts\/149\/revisions\/150"}],"wp:attachment":[{"href":"https:\/\/diag-mav-b-muenchen.de\/index.php?rest_route=%2Fwp%2Fv2%2Fmedia&parent=149"}],"wp:term":[{"taxonomy":"category","embeddable":true,"href":"https:\/\/diag-mav-b-muenchen.de\/index.php?rest_route=%2Fwp%2Fv2%2Fcategories&post=149"},{"taxonomy":"post_tag","embeddable":true,"href":"https:\/\/diag-mav-b-muenchen.de\/index.php?rest_route=%2Fwp%2Fv2%2Ftags&post=149"}],"curies":[{"name":"wp","href":"https:\/\/api.w.org\/{rel}","templated":true}]}}